[{"@context":"https:\/\/schema.org\/","@type":"Article","@id":"https:\/\/www.zebras.cz\/ucetnictvi\/#Article","mainEntityOfPage":"https:\/\/www.zebras.cz\/ucetnictvi\/","headline":"\u00da\u010detnictv\u00ed","name":"\u00da\u010detnictv\u00ed","description":"Chce-li, aby se n\u011bkdo v\u011bnoval veden\u00ed Va\u0161eho \u00fa\u010detnictv\u00ed za cenu v\u00edce n\u011b\u017e p\u0159ijatelnou, na\u0161e firmu je tu pro V\u00e1s. Na\u0161e spole\u010dnost Alfa \u00da\u010detn\u00ed s.r.o. Byla zalo\u017eena ji\u017e v roce 1995 a dnes pat\u0159\u00ed k nejlep\u0161\u00edm ve sv\u00e9m regionu. S\u00eddl\u00edme sice v Praze, ale d\u00edky tomu, \u017ee m\u00e1me vlastn\u00ed kancel\u00e1\u0159e a\u017e na pra\u017esk\u00e9m okraji, na\u0161e slu\u017eby [&hellip;]","datePublished":"2025-03-11","dateModified":"2025-03-11","author":{"@type":"Person","@id":"https:\/\/www.zebras.cz\/author\/#Person","name":"","url":"https:\/\/www.zebras.cz\/author\/","identifier":1,"image":{"@type":"ImageObject","@id":"https:\/\/secure.gravatar.com\/avatar\/9bd672608a9ea50cfcb35956b7f63dacf48dece49eb907e6bdd72bedd9991f24?s=96&d=mm&r=g","url":"https:\/\/secure.gravatar.com\/avatar\/9bd672608a9ea50cfcb35956b7f63dacf48dece49eb907e6bdd72bedd9991f24?s=96&d=mm&r=g","height":96,"width":96}},"publisher":{"@type":"Organization","name":"zebras.cz","logo":{"@type":"ImageObject","@id":"\/logo.png","url":"\/logo.png","width":600,"height":60}},"url":"https:\/\/www.zebras.cz\/ucetnictvi\/","wordCount":179,"articleBody":"Chce-li, aby se n\u011bkdo v\u011bnoval veden\u00ed Va\u0161eho \u00fa\u010detnictv\u00ed za cenu v\u00edce n\u011b\u017e p\u0159ijatelnou, na\u0161e firmu je tu pro V\u00e1s. Na\u0161e spole\u010dnost Alfa \u00da\u010detn\u00ed s.r.o. Byla zalo\u017eena ji\u017e v roce 1995 a dnes pat\u0159\u00ed k nejlep\u0161\u00edm ve sv\u00e9m regionu. S\u00eddl\u00edme sice v Praze, ale d\u00edky tomu, \u017ee m\u00e1me vlastn\u00ed kancel\u00e1\u0159e a\u017e na pra\u017esk\u00e9m okraji, na\u0161e slu\u017eby jsou cenov\u011b dostupn\u011bj\u0161\u00ed, ne\u017e u konkurence.Nab\u00edz\u00edme V\u00e1m nejen veden\u00ed \u00fa\u010detnictv\u00ed, ale tak\u00e9 da\u0148ovou evidenci a poradenstv\u00ed. V na\u0161\u00ed nab\u00eddce najdete slu\u017eby vysoce vy\u0161kolen\u00fdch ekonomick\u00fdch, da\u0148ov\u00fdch i \u00fa\u010detn\u00edch poradc\u016f. Ke sv\u00fdm klient\u016fm v\u017edy p\u0159istupujeme individu\u00e1ln\u011b a jsme dokonce schopni, na rozd\u00edl od jin\u00fdch firem, poskytnout klient\u016fm cenn\u00e9 rady k zefektivn\u011bn\u00ed jejich podnik\u00e1n\u00ed.Webov\u00e9 str\u00e1nkyNa na\u0161ich internetov\u00fdch str\u00e1nk\u00e1ch zjist\u00edte, \u017ee veden\u00ed \u00fa\u010detnictv\u00ed nen\u00ed na\u0161\u00ed jedinou slu\u017ebou, kterou poskytujeme sv\u00fdm klient\u016fm.                                                                                                                                                                                                                                                                                                                                                                                                "},{"@context":"https:\/\/schema.org\/","@type":"BreadcrumbList","itemListElement":[{"@type":"ListItem","position":1,"name":"\u00da\u010detnictv\u00ed","item":"https:\/\/www.zebras.cz\/ucetnictvi\/#breadcrumbitem"}]}]