[{"@context":"https:\/\/schema.org\/","@type":"Article","@id":"https:\/\/www.zebras.cz\/skoda-automobil\/#Article","mainEntityOfPage":"https:\/\/www.zebras.cz\/skoda-automobil\/","headline":"\u0160koda automobil","name":"\u0160koda automobil","description":"\u0158eknu v\u00e1m, \u017ee motorky jsou prima. Na motorce jezd\u00edm moc r\u00e1da. Jezd\u00edm samoz\u0159ejm\u011b opatrn\u011b. A m\u00e1m r\u00e1da tak\u00e9 automobil, proto\u017ee v aut\u011b je to tak\u00e9 prima. Auto je takov\u00e9 v\u00edce praktick\u00e9. Teda alespo\u0148 si to takhle mysl\u00edm j\u00e1, proto\u017ee kdy\u017e t\u0159eba pr\u0161\u00ed anebo je n\u011bjak\u00e1 sn\u011bhov\u00e1 v\u00e1nice, tak automobil je opravdu v\u00edce prakti\u010dt\u011bj\u0161\u00ed ne\u017e n\u011bjak\u00e1 [&hellip;]","datePublished":"2025-06-03","dateModified":"2025-06-03","author":{"@type":"Person","@id":"https:\/\/www.zebras.cz\/author\/#Person","name":"","url":"https:\/\/www.zebras.cz\/author\/","identifier":1,"image":{"@type":"ImageObject","@id":"https:\/\/secure.gravatar.com\/avatar\/9bd672608a9ea50cfcb35956b7f63dacf48dece49eb907e6bdd72bedd9991f24?s=96&d=mm&r=g","url":"https:\/\/secure.gravatar.com\/avatar\/9bd672608a9ea50cfcb35956b7f63dacf48dece49eb907e6bdd72bedd9991f24?s=96&d=mm&r=g","height":96,"width":96}},"publisher":{"@type":"Organization","name":"zebras.cz","logo":{"@type":"ImageObject","@id":"\/logo.png","url":"\/logo.png","width":600,"height":60}},"image":{"@type":"ImageObject","@id":"https:\/\/www.zebras.cz\/wp-content\/uploads\/car-4359872_640_3.jpg","url":"https:\/\/www.zebras.cz\/wp-content\/uploads\/car-4359872_640_3.jpg","height":0,"width":0},"url":"https:\/\/www.zebras.cz\/skoda-automobil\/","about":["Mu\u017ei"],"wordCount":453,"articleBody":"      \u0158eknu v\u00e1m, \u017ee motorky jsou prima. Na motorce jezd\u00edm moc r\u00e1da. Jezd\u00edm samoz\u0159ejm\u011b opatrn\u011b. A m\u00e1m r\u00e1da tak\u00e9 automobil, proto\u017ee v aut\u011b je to tak\u00e9 prima. Auto je takov\u00e9 v\u00edce praktick\u00e9. Teda alespo\u0148 si to takhle mysl\u00edm j\u00e1, proto\u017ee kdy\u017e t\u0159eba pr\u0161\u00ed anebo je n\u011bjak\u00e1 sn\u011bhov\u00e1 v\u00e1nice, tak automobil je opravdu v\u00edce prakti\u010dt\u011bj\u0161\u00ed ne\u017e n\u011bjak\u00e1 motorka. Nav\u00edc si mysl\u00edm, \u017ee je dokonce i zak\u00e1zan\u00e9, abyste jezdili na motorce, kdy\u017e je opravdu hodn\u011b \u0161patn\u00e9 po\u010das\u00ed. Kdy\u017e je \u0161patn\u00e9 po\u010das\u00ed, tak je v\u017edycky nejlep\u0161\u00ed, abyste t\u0159eba jeli v automobilu anebo nejrad\u011bji, kdybyste sed\u011bli doma. Nikdy nev\u00edte, co se m\u016f\u017ee st\u00e1t, nato\u017e abyste jezdili na motorce, kdy\u017e venku t\u0159eba pr\u0161\u00ed. Anebo je opravdu hodn\u011b \u0161kared\u00e9 po\u010das\u00ed. A mimochodem, zn\u00e1te Chiptuning \u0160koda Octavia III (2013-2016) https:\/\/www.profi-chiptuning.cz\/osobni-automobily\/skoda\/octavia-iii-2013-2016? Nepodce\u0148ujte to! Chiptuning \u0160koda Octavia III (2013-2016) je nutn\u00fd a t\u00e9m\u011b\u0159 zadarmo! J\u00e1 sama jsem si \u0159ekla, \u017ee kdybych m\u011bla doma tak\u00e9 motorku, \u017ee bych ur\u010dit\u011b v zim\u011b nejezdila a starala se o motor. Nejenom kv\u016fli tomu, \u017ee bych se mohla tak\u00e9 vybourat na sn\u011bhu, ale \u017ee by mi tak\u00e9 hlavn\u011b byla zima. Dokonce jsem sly\u0161ela, \u017ee i kdy\u017e je t\u0159eba venku nap\u0159\u00edklad p\u011btadvacet stup\u0148\u016f, tak i tak \u0159idi\u010di motorky nos\u00ed rukavice, proto\u017ee \u0159\u00edkaj\u00ed, jak se l\u00e1me vzduch, \u017ee jim potom opravdu hodn\u011b mrznou ruce. Ale j\u00e1 bych tohle nesnesla. Mysl\u00edm si, \u017ee by m\u011b t\u0159eba p\u0159i cest\u011b na motorce v zim\u011b upadly n\u011bjak ruce anebo n\u011bco podobn\u011b. Proto jsem r\u00e1da, \u017ee jsme si s partnerem tak\u00e9 mimo motorky vlastn\u011b po\u0159\u00eddili i automobil. Nav\u00edc m\u00e1me v motorku jenom jednu, ale \u0159ekla jsem si, \u017ee t\u0159eba na p\u0159\u00ed\u0161t\u00ed l\u00e9to anebo n\u011bkdy takhle pozd\u011bji si po\u0159\u00edd\u00edme i dal\u0161\u00ed motorku, abychom s partnerem mohli \u0159\u00eddit oba dva. Proto\u017ee j\u00e1 jinak jezd\u00edm jenom jako spolujezdec. Jako z\u00e1vozn\u00edk. Sice ano, je to tak\u00e9 prima a bav\u00ed m\u011b to. Ale nejlep\u0161\u00ed by bylo, kdybychom m\u011bli opravdu ka\u017ed\u00fd svou motorku. Mysl\u00edm si, \u017ee tohle je opravdu prima. Je hodn\u011b lid\u00ed, kte\u0159\u00ed tak\u00e9 maj\u00ed motorku a moc r\u00e1di si j\u00ed cen\u00ed a moc r\u00e1di tak\u00e9 jezd\u00ed na motorce. A to bych nebyla j\u00e1, abych tak\u00e9 o tomhle nesnila. A co vy tak\u00e9 m\u00e1te r\u00e1di motorky? M\u00e1te doma n\u011bjakou motorku anebo d\u00e1v\u00e1te p\u0159ednost pouze jenom automobilu? A co p\u00e9\u010de o motor va\u0161\u00ed \u0161kodovky?                                                                                                                                                                                                                                                                                                                                                                                                  "},{"@context":"https:\/\/schema.org\/","@type":"BreadcrumbList","itemListElement":[{"@type":"ListItem","position":1,"name":"\u0160koda automobil","item":"https:\/\/www.zebras.cz\/skoda-automobil\/#breadcrumbitem"}]}]