[{"@context":"https:\/\/schema.org\/","@type":"Article","@id":"https:\/\/www.zebras.cz\/rakovina-s-usmevem\/#Article","mainEntityOfPage":"https:\/\/www.zebras.cz\/rakovina-s-usmevem\/","headline":"Rakovina s \u00fasm\u011bvem","name":"Rakovina s \u00fasm\u011bvem","description":"P\u0159\u00edb\u011bh jednoho mu\u017ee, kter\u00fd \u017eije, jak kdyby rakovina neexistovala a nikdy ho nepostihla Dobr\u00fd den Maximili\u00e1ne, jak se v\u00e1m da\u0159\u00ed? Dobr\u00fd den, da\u0159\u00ed se mi dob\u0159e, a\u017e na n\u011bjak\u00e9 v\u00fdjimky. Jak\u00e9 v\u00fdjimky m\u00e1te namysli? Prod\u011blal jsem te\u010f p\u00e1r chemoterapi\u00ed. M\u00e1m rakovinu, ale dokto\u0159i tvrd\u00ed, \u017ee je to na dobr\u00e9 cest\u011b. K\u00a0tomuto t\u00e9matu se hned vr\u00e1t\u00edme, [&hellip;]","datePublished":"2024-08-27","dateModified":"2024-08-27","author":{"@type":"Person","@id":"https:\/\/www.zebras.cz\/author\/#Person","name":"","url":"https:\/\/www.zebras.cz\/author\/","identifier":1,"image":{"@type":"ImageObject","@id":"https:\/\/secure.gravatar.com\/avatar\/9bd672608a9ea50cfcb35956b7f63dacf48dece49eb907e6bdd72bedd9991f24?s=96&d=mm&r=g","url":"https:\/\/secure.gravatar.com\/avatar\/9bd672608a9ea50cfcb35956b7f63dacf48dece49eb907e6bdd72bedd9991f24?s=96&d=mm&r=g","height":96,"width":96}},"publisher":{"@type":"Organization","name":"zebras.cz","logo":{"@type":"ImageObject","@id":"\/logo.png","url":"\/logo.png","width":600,"height":60}},"image":{"@type":"ImageObject","@id":"https:\/\/www.zebras.cz\/wp-content\/uploads\/%C5%BEivot_1.png","url":"https:\/\/www.zebras.cz\/wp-content\/uploads\/%C5%BEivot_1.png","height":0,"width":0},"url":"https:\/\/www.zebras.cz\/rakovina-s-usmevem\/","about":["Mu\u017ei"],"wordCount":437,"articleBody":"P\u0159\u00edb\u011bh jednoho mu\u017ee, kter\u00fd \u017eije, jak kdyby rakovina neexistovala a nikdy ho nepostihla Dobr\u00fd den Maximili\u00e1ne, jak se v\u00e1m da\u0159\u00ed? Dobr\u00fd den, da\u0159\u00ed se mi dob\u0159e, a\u017e na n\u011bjak\u00e9 v\u00fdjimky. Jak\u00e9 v\u00fdjimky m\u00e1te namysli? Prod\u011blal jsem te\u010f p\u00e1r chemoterapi\u00ed. M\u00e1m rakovinu, ale dokto\u0159i tvrd\u00ed, \u017ee je to na dobr\u00e9 cest\u011b. K\u00a0tomuto t\u00e9matu se hned vr\u00e1t\u00edme, ale nejprve by m\u011b zaj\u00edmala rodina. M\u00e1te n\u011bjak\u00e9 sourozence? Ano, m\u00e1m. M\u00e1m jednoho bratra a jednu sestru. Kolik je let va\u0161emu bratrovi a sest\u0159e?No, bratr m\u00e1 teprve 2 m\u011bs\u00edce. Je to mali\u010dk\u00fd drobek. Sestra m\u00e1 za p\u00e1r dn\u00ed 8 let. Jak se jmenuje V\u00e1\u0161 bratr a sestra?Bratr se jmenuje Norbert a sestra se jmenuje Monika. Jak\u00fd to byl pro V\u00e1\u0161 pocit, kdy\u017e se narodil V\u00e1\u0161 mlad\u0161\u00ed bratr a sestra? Na oba dva jsem se moc t\u011b\u0161il. P\u0159ece jenom je lep\u0161\u00ed m\u00edt n\u011bkoho ne\u017e b\u00fdt jedin\u00e1\u010dek. R\u00e1d jsem tr\u00e1vil \u010das ve \u0161kolce, kdy\u017e jsem byl doma s\u00e1m. Te\u010f u\u017e n\u011bco o V\u00e1s, kolik V\u00e1m je a \u010d\u00edm byste cht\u011bl b\u00fdt nebo u\u017e jste? Je mi 24 let a studuji medic\u00ednu. Napl\u0148uje m\u011b to, kdy\u017e mohu pom\u00e1hat druh\u00fdm. Asi to m\u00e1me v\u00a0krvi, proto\u017ee moje sestra neust\u00e1le pov\u00edd\u00e1, \u017ee by cht\u011bla b\u00fdt veterin\u00e1\u0159kou. Co bude bratr je\u0161t\u011b nev\u00edm, ale v\u011b\u0159\u00edm, \u017ee bude d\u011blat n\u011bco, aby t\u00e9\u017e mohl n\u011bkomu pom\u00e1hat. L\u00edb\u00ed se V\u00e1m te\u010f n\u011bkdo? Ano, jsem zamilovan\u00fd u\u017e n\u011bkolik let, a to do stejn\u00e9 sle\u010dny. U\u017e jsme spolu 9 let. Ut\u00edk\u00e1 to hrozn\u011b. Nikdo n\u00e1m skoro nechce v\u011b\u0159it, \u017ee jsme spolu takhle dlouho. Lidi se neust\u00e1le m\u011bn\u00ed, ale my to zvl\u00e1d\u00e1me celkem hezky. Kdy jste se dozv\u011bd\u011bli, \u017ee m\u00e1te rakovinu? Bylo to hodn\u011b zvl\u00e1\u0161tn\u00ed, ale z\u00a0toho, kdy\u017e mi kapala krev z\u00a0nosu. N\u011bjak jsem to extra ne\u0159e\u0161il, ale ka\u017ed\u00fdm dnem to bylo hor\u0161\u00ed a hor\u0161\u00ed. Jednoho dne jsem byl v\u00a0obchod\u011b a norm\u00e1ln\u011b jsem si nakupoval sva\u010dinu. Z ni\u010deho nic jsem omdlel a d\u00e1l jsem si nic nepamatoval. Bylo mi \u0159e\u010deno, \u017ee jsem omdlel a pak m\u011b odvezla z\u00e1chrann\u00e1 slu\u017eba a tam p\u0159i\u0161ly, \u017ee jsem nemocn\u00fd. Ale na \u0161t\u011bst\u00ed se to zjistilo brzy, tak\u017ee z\u00a0toho budu brzy venku a budu fit                                                                                                                                                                                                                                                                                                                                                                                                "},{"@context":"https:\/\/schema.org\/","@type":"BreadcrumbList","itemListElement":[{"@type":"ListItem","position":1,"name":"Rakovina s \u00fasm\u011bvem","item":"https:\/\/www.zebras.cz\/rakovina-s-usmevem\/#breadcrumbitem"}]}]