[{"@context":"https:\/\/schema.org\/","@type":"Article","@id":"https:\/\/www.zebras.cz\/proc-je-vhodne-aby-vlady-podporovaly-vyssi-vzdelani\/#Article","mainEntityOfPage":"https:\/\/www.zebras.cz\/proc-je-vhodne-aby-vlady-podporovaly-vyssi-vzdelani\/","headline":"Pro\u010d je vhodn\u00e9, aby vl\u00e1dy podporovaly vy\u0161\u0161\u00ed vzd\u011bl\u00e1n\u00ed","name":"Pro\u010d je vhodn\u00e9, aby vl\u00e1dy podporovaly vy\u0161\u0161\u00ed vzd\u011bl\u00e1n\u00ed","description":"O tom, \u017ee vzd\u011bl\u00e1n\u00ed je d\u016fle\u017eit\u00e9, nen\u00ed pochyb. V\u011bd\u011bla to ji\u017e Marie Terezie, kter\u00e1 zavedla povinnou \u0161koln\u00ed doch\u00e1zku. A je velmi snadn\u00e9 v\u011bd\u011bt, pro\u010d tomu tak je. \u010c\u00edm v\u00edce vzd\u011blan\u00fdch lid\u00ed v\u00a0populaci je, t\u00edm jej\u00ed \u00farove\u0148 roste. Kdy\u017e v\u0161ichni lid\u00e9 um\u00ed \u010d\u00edst a ps\u00e1t, je mnohem snaz\u0161\u00ed p\u0159ed\u00e1v\u00e1n\u00ed informac\u00ed poddan\u00fdm. Nav\u00edc tak\u00e9 l\u00e9pe rozum\u00ed ekonomice [&hellip;]","datePublished":"2024-07-29","dateModified":"2024-07-29","author":{"@type":"Person","@id":"https:\/\/www.zebras.cz\/author\/#Person","name":"","url":"https:\/\/www.zebras.cz\/author\/","identifier":1,"image":{"@type":"ImageObject","@id":"https:\/\/secure.gravatar.com\/avatar\/9bd672608a9ea50cfcb35956b7f63dacf48dece49eb907e6bdd72bedd9991f24?s=96&d=mm&r=g","url":"https:\/\/secure.gravatar.com\/avatar\/9bd672608a9ea50cfcb35956b7f63dacf48dece49eb907e6bdd72bedd9991f24?s=96&d=mm&r=g","height":96,"width":96}},"publisher":{"@type":"Organization","name":"zebras.cz","logo":{"@type":"ImageObject","@id":"\/logo.png","url":"\/logo.png","width":600,"height":60}},"image":{"@type":"ImageObject","@id":"https:\/\/www.zebras.cz\/wp-content\/uploads\/skola1_10_10_8.jpg","url":"https:\/\/www.zebras.cz\/wp-content\/uploads\/skola1_10_10_8.jpg","height":0,"width":0},"url":"https:\/\/www.zebras.cz\/proc-je-vhodne-aby-vlady-podporovaly-vyssi-vzdelani\/","about":["Vzd\u011bl\u00e1n\u00ed"],"wordCount":412,"articleBody":"O tom, \u017ee vzd\u011bl\u00e1n\u00ed je d\u016fle\u017eit\u00e9, nen\u00ed pochyb. V\u011bd\u011bla to ji\u017e Marie Terezie, kter\u00e1 zavedla povinnou \u0161koln\u00ed doch\u00e1zku. A je velmi snadn\u00e9 v\u011bd\u011bt, pro\u010d tomu tak je. \u010c\u00edm v\u00edce vzd\u011blan\u00fdch lid\u00ed v\u00a0populaci je, t\u00edm jej\u00ed \u00farove\u0148 roste. Kdy\u017e v\u0161ichni lid\u00e9 um\u00ed \u010d\u00edst a ps\u00e1t, je mnohem snaz\u0161\u00ed p\u0159ed\u00e1v\u00e1n\u00ed informac\u00ed poddan\u00fdm. Nav\u00edc tak\u00e9 l\u00e9pe rozum\u00ed ekonomice a d\u011blaj\u00ed tedy i lep\u0161\u00ed rozhodnut\u00ed, kter\u00e1 nakonec prosp\u011bj\u00ed v\u0161em. Nehled\u011b na fakt, \u017ee \u010d\u00edm chyt\u0159ej\u0161\u00ed lid\u00e9 jsou, t\u00edm sp\u00ed\u0161e vynal\u00e9zaj\u00ed nov\u00e9 vyn\u00e1lezy a zlep\u0161ov\u00e1n\u00ed, kter\u00e1 op\u011bt prosp\u00edvaj\u00ed cel\u00e9 spole\u010dnosti. Proto by se zd\u00e1lo pochopiteln\u00e9, \u017ee vl\u00e1dy budou podporovat v\u0161echny druhy vzd\u011bl\u00e1n\u00ed, zejm\u00e9na pak to vysoko\u0161kolsk\u00e9.Ov\u0161em pravdou je, \u017ee toto nevid\u00edme ani u n\u00e1s, ani u jin\u00fdch vl\u00e1d. Ve skute\u010dnosti se toti\u017e zd\u00e1, \u017ee \u0161kolstv\u00ed naopak oslabuj\u00ed. Sta\u010d\u00ed se jen pod\u00edvat na to, jak je dlouhodob\u011b podfinancovan\u00e9, zvl\u00e1\u0161t\u011b pak to vy\u0161\u0161\u00ed. Ale pro\u010d? D\u016fvodem je v\u00a0n\u011bkter\u00fdch p\u0159\u00edpadech fakt, \u017ee politici zkr\u00e1tka nemysl\u00ed dlouhodob\u011b. Sna\u017e\u00ed se zvl\u00e1dnout co nejl\u00e9pe sv\u00e9 funk\u010dn\u00ed obdob\u00ed, aby byli zvoleni znovu. Ov\u0161em probl\u00e9m je, \u017ee investice do \u0161kolstv\u00ed se projev\u00ed a\u017e za mnoho let, teprve pot\u00e9, co ona generace projde v\u0161emi jej\u00edmi stupni a dosp\u011bje. A to je n\u011bco, na co nikdo nechce \u010dekat. Nehled\u011b na fakt, \u017ee by to nebylo popul\u00e1rn\u00ed, nebo\u0165 pen\u00edze investovan\u00e9 zde by chyb\u011bly jinde. A to je n\u011bco, co by se lidem rozhodn\u011b nel\u00edbilo, a bylo by to t\u011b\u017ek\u00e9 obh\u00e1jit. Ov\u0161em to nen\u00ed p\u0159\u00edpad ve\u0161ker\u00fdch vl\u00e1d. Mnoh\u00e9 autoritativn\u00ed re\u017eimy se naopak sna\u017e\u00ed inteligenci n\u00e1roda potla\u010dovat, stejn\u011b jako vzd\u011bl\u00e1n\u00ed. \u010c\u00edm m\u00e9n\u011b je populace vzd\u011blan\u00e1, t\u00edm sn\u00e1ze j\u00ed jde ovl\u00e1dat a manipulovat. Pr\u00e1v\u011b to je pak c\u00edlem nejen mnoha dikt\u00e1tor\u016f, kte\u0159\u00ed by jinak m\u011bli mnohem snaz\u0161\u00ed pr\u00e1ci udr\u017eet se u moci. Pokud tedy chceme jako n\u00e1rod prosperovat, m\u011bli bychom se sna\u017eit b\u00fdt co nejv\u00edce vzd\u011blan\u00ed. Prosp\u011bjeme t\u00edm toti\u017e nejen sami sob\u011b, ale tak\u00e9 lidem okolo. A to je n\u011bco, co bychom m\u011bli cht\u00edt v\u0161ichni.                                                                                                                                                                                                                                                                                                                                                                                                "},{"@context":"https:\/\/schema.org\/","@type":"BreadcrumbList","itemListElement":[{"@type":"ListItem","position":1,"name":"Pro\u010d je vhodn\u00e9, aby vl\u00e1dy podporovaly vy\u0161\u0161\u00ed vzd\u011bl\u00e1n\u00ed","item":"https:\/\/www.zebras.cz\/proc-je-vhodne-aby-vlady-podporovaly-vyssi-vzdelani\/#breadcrumbitem"}]}]