{"@context":"https:\/\/schema.org\/","@type":"CollectionPage","@id":"https:\/\/www.zebras.cz\/muzi\/#CollectionPage","headline":"Mu\u017ei Category","description":"","url":"https:\/\/www.zebras.cz\/muzi\/","hasPart":[{"@type":"Article","@id":"https:\/\/www.zebras.cz\/nastenny-gobelin-jako-vyzdoba-rodinneho-domu\/","headline":"N\u00e1st\u011bnn\u00fd gobel\u00edn jako v\u00fdzdoba rodinn\u00e9ho domu","url":"https:\/\/www.zebras.cz\/nastenny-gobelin-jako-vyzdoba-rodinneho-domu\/","datePublished":"2025-10-17","dateModified":"2025-10-17","mainEntityOfPage":"https:\/\/www.zebras.cz\/nastenny-gobelin-jako-vyzdoba-rodinneho-domu\/","author":{"@type":"Person","@id":"https:\/\/www.zebras.cz\/author\/#Person","name":"","url":"https:\/\/www.zebras.cz\/author\/","identifier":1,"image":{"@type":"ImageObject","@id":"https:\/\/secure.gravatar.com\/avatar\/9bd672608a9ea50cfcb35956b7f63dacf48dece49eb907e6bdd72bedd9991f24?s=96&d=mm&r=g","url":"https:\/\/secure.gravatar.com\/avatar\/9bd672608a9ea50cfcb35956b7f63dacf48dece49eb907e6bdd72bedd9991f24?s=96&d=mm&r=g","height":96,"width":96}},"publisher":{"@type":"Organization","name":"zebras.cz","logo":{"@type":"ImageObject","@id":"\/logo.png","url":"\/logo.png","width":600,"height":60}},"image":{"@type":"ImageObject","@id":"https:\/\/www.zebras.cz\/wp-content\/uploads\/gobelin-1491572_640.jpg","url":"https:\/\/www.zebras.cz\/wp-content\/uploads\/gobelin-1491572_640.jpg","height":0,"width":0},"keywords":null},{"@type":"Article","@id":"https:\/\/www.zebras.cz\/plot-ma-mnoho-vyznamu\/","headline":"Plot m\u00e1 mnoho v\u00fdznam\u016f","url":"https:\/\/www.zebras.cz\/plot-ma-mnoho-vyznamu\/","datePublished":"2025-06-10","dateModified":"2025-06-10","mainEntityOfPage":"https:\/\/www.zebras.cz\/plot-ma-mnoho-vyznamu\/","author":{"@type":"Person","@id":"https:\/\/www.zebras.cz\/author\/#Person","name":"","url":"https:\/\/www.zebras.cz\/author\/","identifier":1,"image":{"@type":"ImageObject","@id":"https:\/\/secure.gravatar.com\/avatar\/9bd672608a9ea50cfcb35956b7f63dacf48dece49eb907e6bdd72bedd9991f24?s=96&d=mm&r=g","url":"https:\/\/secure.gravatar.com\/avatar\/9bd672608a9ea50cfcb35956b7f63dacf48dece49eb907e6bdd72bedd9991f24?s=96&d=mm&r=g","height":96,"width":96}},"publisher":{"@type":"Organization","name":"zebras.cz","logo":{"@type":"ImageObject","@id":"\/logo.png","url":"\/logo.png","width":600,"height":60}},"image":{"@type":"ImageObject","@id":"https:\/\/www.zebras.cz\/wp-content\/uploads\/iron-7102868_640_3.jpg","url":"https:\/\/www.zebras.cz\/wp-content\/uploads\/iron-7102868_640_3.jpg","height":0,"width":0},"keywords":null},{"@type":"Article","@id":"https:\/\/www.zebras.cz\/skoda-automobil\/","headline":"\u0160koda automobil","url":"https:\/\/www.zebras.cz\/skoda-automobil\/","datePublished":"2025-06-03","dateModified":"2025-06-03","mainEntityOfPage":"https:\/\/www.zebras.cz\/skoda-automobil\/","author":{"@type":"Person","@id":"https:\/\/www.zebras.cz\/author\/#Person","name":"","url":"https:\/\/www.zebras.cz\/author\/","identifier":1,"image":{"@type":"ImageObject","@id":"https:\/\/secure.gravatar.com\/avatar\/9bd672608a9ea50cfcb35956b7f63dacf48dece49eb907e6bdd72bedd9991f24?s=96&d=mm&r=g","url":"https:\/\/secure.gravatar.com\/avatar\/9bd672608a9ea50cfcb35956b7f63dacf48dece49eb907e6bdd72bedd9991f24?s=96&d=mm&r=g","height":96,"width":96}},"publisher":{"@type":"Organization","name":"zebras.cz","logo":{"@type":"ImageObject","@id":"\/logo.png","url":"\/logo.png","width":600,"height":60}},"image":{"@type":"ImageObject","@id":"https:\/\/www.zebras.cz\/wp-content\/uploads\/car-4359872_640_3.jpg","url":"https:\/\/www.zebras.cz\/wp-content\/uploads\/car-4359872_640_3.jpg","height":0,"width":0},"keywords":null},{"@type":"Article","@id":"https:\/\/www.zebras.cz\/rakovina-s-usmevem\/","headline":"Rakovina s \u00fasm\u011bvem","url":"https:\/\/www.zebras.cz\/rakovina-s-usmevem\/","datePublished":"2024-08-27","dateModified":"2024-08-27","mainEntityOfPage":"https:\/\/www.zebras.cz\/rakovina-s-usmevem\/","author":{"@type":"Person","@id":"https:\/\/www.zebras.cz\/author\/#Person","name":"","url":"https:\/\/www.zebras.cz\/author\/","identifier":1,"image":{"@type":"ImageObject","@id":"https:\/\/secure.gravatar.com\/avatar\/9bd672608a9ea50cfcb35956b7f63dacf48dece49eb907e6bdd72bedd9991f24?s=96&d=mm&r=g","url":"https:\/\/secure.gravatar.com\/avatar\/9bd672608a9ea50cfcb35956b7f63dacf48dece49eb907e6bdd72bedd9991f24?s=96&d=mm&r=g","height":96,"width":96}},"publisher":{"@type":"Organization","name":"zebras.cz","logo":{"@type":"ImageObject","@id":"\/logo.png","url":"\/logo.png","width":600,"height":60}},"image":{"@type":"ImageObject","@id":"https:\/\/www.zebras.cz\/wp-content\/uploads\/%C5%BEivot_1.png","url":"https:\/\/www.zebras.cz\/wp-content\/uploads\/%C5%BEivot_1.png","height":0,"width":0},"keywords":null},{"@type":"Article","@id":"https:\/\/www.zebras.cz\/muzi-a-problemy\/","headline":"Mu\u017ei a probl\u00e9my","url":"https:\/\/www.zebras.cz\/muzi-a-problemy\/","datePublished":"2023-12-08","dateModified":"2023-12-08","mainEntityOfPage":"https:\/\/www.zebras.cz\/muzi-a-problemy\/","author":{"@type":"Person","@id":"https:\/\/www.zebras.cz\/author\/#Person","name":"","url":"https:\/\/www.zebras.cz\/author\/","identifier":1,"image":{"@type":"ImageObject","@id":"https:\/\/secure.gravatar.com\/avatar\/9bd672608a9ea50cfcb35956b7f63dacf48dece49eb907e6bdd72bedd9991f24?s=96&d=mm&r=g","url":"https:\/\/secure.gravatar.com\/avatar\/9bd672608a9ea50cfcb35956b7f63dacf48dece49eb907e6bdd72bedd9991f24?s=96&d=mm&r=g","height":96,"width":96}},"publisher":{"@type":"Organization","name":"zebras.cz","logo":{"@type":"ImageObject","@id":"\/logo.png","url":"\/logo.png","width":600,"height":60}},"image":{"@type":"ImageObject","@id":"https:\/\/www.zebras.cz\/wp-content\/uploads\/man-1253004_640_2.jpg","url":"https:\/\/www.zebras.cz\/wp-content\/uploads\/man-1253004_640_2.jpg","height":0,"width":0},"keywords":null},{"@type":"Article","@id":"https:\/\/www.zebras.cz\/vytapeni-v-zimnich-mesicich\/","headline":"Vyt\u00e1p\u011bn\u00ed v zimn\u00edch m\u011bs\u00edc\u00edch","url":"https:\/\/www.zebras.cz\/vytapeni-v-zimnich-mesicich\/","datePublished":"2022-03-28","dateModified":"2022-03-28","mainEntityOfPage":"https:\/\/www.zebras.cz\/vytapeni-v-zimnich-mesicich\/","author":{"@type":"Person","@id":"https:\/\/www.zebras.cz\/author\/#Person","name":"","url":"https:\/\/www.zebras.cz\/author\/","identifier":1,"image":{"@type":"ImageObject","@id":"https:\/\/secure.gravatar.com\/avatar\/9bd672608a9ea50cfcb35956b7f63dacf48dece49eb907e6bdd72bedd9991f24?s=96&d=mm&r=g","url":"https:\/\/secure.gravatar.com\/avatar\/9bd672608a9ea50cfcb35956b7f63dacf48dece49eb907e6bdd72bedd9991f24?s=96&d=mm&r=g","height":96,"width":96}},"publisher":{"@type":"Organization","name":"zebras.cz","logo":{"@type":"ImageObject","@id":"\/logo.png","url":"\/logo.png","width":600,"height":60}},"image":{"@type":"ImageObject","@id":"https:\/\/www.zebras.cz\/wp-content\/uploads\/flame-1363003_960_720.jpg","url":"https:\/\/www.zebras.cz\/wp-content\/uploads\/flame-1363003_960_720.jpg","height":0,"width":0},"keywords":null},{"@type":"Article","@id":"https:\/\/www.zebras.cz\/milujete-starozitny-nabytek-u-nas-si-vyberete\/","headline":"Milujete staro\u017eitn\u00fd n\u00e1bytek? U n\u00e1s si vyberete!","url":"https:\/\/www.zebras.cz\/milujete-starozitny-nabytek-u-nas-si-vyberete\/","datePublished":"2021-12-14","dateModified":"2021-12-14","mainEntityOfPage":"https:\/\/www.zebras.cz\/milujete-starozitny-nabytek-u-nas-si-vyberete\/","author":{"@type":"Person","@id":"https:\/\/www.zebras.cz\/author\/#Person","name":"","url":"https:\/\/www.zebras.cz\/author\/","identifier":1,"image":{"@type":"ImageObject","@id":"https:\/\/secure.gravatar.com\/avatar\/9bd672608a9ea50cfcb35956b7f63dacf48dece49eb907e6bdd72bedd9991f24?s=96&d=mm&r=g","url":"https:\/\/secure.gravatar.com\/avatar\/9bd672608a9ea50cfcb35956b7f63dacf48dece49eb907e6bdd72bedd9991f24?s=96&d=mm&r=g","height":96,"width":96}},"publisher":{"@type":"Organization","name":"zebras.cz","logo":{"@type":"ImageObject","@id":"\/logo.png","url":"\/logo.png","width":600,"height":60}},"image":{"@type":"ImageObject","@id":"https:\/\/www.zebras.cz\/wp-content\/uploads\/living-room-gb88f5e467_640.png","url":"https:\/\/www.zebras.cz\/wp-content\/uploads\/living-room-gb88f5e467_640.png","height":0,"width":0},"keywords":null},{"@type":"Article","@id":"https:\/\/www.zebras.cz\/kamen-je-kolem-nas-proc-mu-dat-prostor-i-u-vas-doma-vyberte-si-prirodni-kamenne-obklady\/","headline":"K\u00e1men je kolem n\u00e1s &#8211; Pro\u010d mu d\u00e1t prostor i u v\u00e1s doma? Vyberte si p\u0159\u00edrodn\u00ed kamenn\u00e9 obklady!","url":"https:\/\/www.zebras.cz\/kamen-je-kolem-nas-proc-mu-dat-prostor-i-u-vas-doma-vyberte-si-prirodni-kamenne-obklady\/","datePublished":"2021-10-10","dateModified":"2021-10-10","mainEntityOfPage":"https:\/\/www.zebras.cz\/kamen-je-kolem-nas-proc-mu-dat-prostor-i-u-vas-doma-vyberte-si-prirodni-kamenne-obklady\/","author":{"@type":"Person","@id":"https:\/\/www.zebras.cz\/author\/#Person","name":"","url":"https:\/\/www.zebras.cz\/author\/","identifier":1,"image":{"@type":"ImageObject","@id":"https:\/\/secure.gravatar.com\/avatar\/9bd672608a9ea50cfcb35956b7f63dacf48dece49eb907e6bdd72bedd9991f24?s=96&d=mm&r=g","url":"https:\/\/secure.gravatar.com\/avatar\/9bd672608a9ea50cfcb35956b7f63dacf48dece49eb907e6bdd72bedd9991f24?s=96&d=mm&r=g","height":96,"width":96}},"publisher":{"@type":"Organization","name":"zebras.cz","logo":{"@type":"ImageObject","@id":"\/logo.png","url":"\/logo.png","width":600,"height":60}},"image":{"@type":"ImageObject","@id":"https:\/\/www.zebras.cz\/wp-content\/uploads\/pexels-photo-277588.jpeg","url":"https:\/\/www.zebras.cz\/wp-content\/uploads\/pexels-photo-277588.jpeg","height":0,"width":0},"keywords":null},{"@type":"Article","@id":"https:\/\/www.zebras.cz\/osvezeni-na-zahrade\/","headline":"Osv\u011b\u017een\u00ed na zahrad\u011b","url":"https:\/\/www.zebras.cz\/osvezeni-na-zahrade\/","datePublished":"2018-01-02","dateModified":"2018-01-02","mainEntityOfPage":"https:\/\/www.zebras.cz\/osvezeni-na-zahrade\/","author":{"@type":"Person","@id":"https:\/\/www.zebras.cz\/author\/#Person","name":"","url":"https:\/\/www.zebras.cz\/author\/","identifier":1,"image":{"@type":"ImageObject","@id":"https:\/\/secure.gravatar.com\/avatar\/9bd672608a9ea50cfcb35956b7f63dacf48dece49eb907e6bdd72bedd9991f24?s=96&d=mm&r=g","url":"https:\/\/secure.gravatar.com\/avatar\/9bd672608a9ea50cfcb35956b7f63dacf48dece49eb907e6bdd72bedd9991f24?s=96&d=mm&r=g","height":96,"width":96}},"publisher":{"@type":"Organization","name":"zebras.cz","logo":{"@type":"ImageObject","@id":"\/logo.png","url":"\/logo.png","width":600,"height":60}},"image":{"@type":"ImageObject","@id":"https:\/\/www.zebras.cz\/wp-content\/uploads\/img_a311184_w2445_t1522128368.jpg","url":"https:\/\/www.zebras.cz\/wp-content\/uploads\/img_a311184_w2445_t1522128368.jpg","height":0,"width":0},"keywords":null}]}