{"@context":"https:\/\/schema.org\/","@type":"CollectionPage","@id":"https:\/\/www.zebras.cz\/byznys\/#CollectionPage","headline":"Byznys Category","description":"","url":"https:\/\/www.zebras.cz\/byznys\/","hasPart":[{"@type":"Article","@id":"https:\/\/www.zebras.cz\/kdy-se-hodi-virtualni-trvale-bydliste\/","headline":"Kdy se hod\u00ed virtu\u00e1ln\u00ed trval\u00e9 bydli\u0161t\u011b","url":"https:\/\/www.zebras.cz\/kdy-se-hodi-virtualni-trvale-bydliste\/","datePublished":"2025-02-18","dateModified":"2025-02-18","mainEntityOfPage":"https:\/\/www.zebras.cz\/kdy-se-hodi-virtualni-trvale-bydliste\/","author":{"@type":"Person","@id":"https:\/\/www.zebras.cz\/author\/#Person","name":"","url":"https:\/\/www.zebras.cz\/author\/","identifier":1,"image":{"@type":"ImageObject","@id":"https:\/\/secure.gravatar.com\/avatar\/9bd672608a9ea50cfcb35956b7f63dacf48dece49eb907e6bdd72bedd9991f24?s=96&d=mm&r=g","url":"https:\/\/secure.gravatar.com\/avatar\/9bd672608a9ea50cfcb35956b7f63dacf48dece49eb907e6bdd72bedd9991f24?s=96&d=mm&r=g","height":96,"width":96}},"publisher":{"@type":"Organization","name":"zebras.cz","logo":{"@type":"ImageObject","@id":"\/logo.png","url":"\/logo.png","width":600,"height":60}},"image":{"@type":"ImageObject","@id":"https:\/\/www.zebras.cz\/wp-content\/uploads\/architecture-3374072_640_10.jpg","url":"https:\/\/www.zebras.cz\/wp-content\/uploads\/architecture-3374072_640_10.jpg","height":0,"width":0},"keywords":null},{"@type":"Article","@id":"https:\/\/www.zebras.cz\/dentalni-hygiena-zacina-u-deti\/","headline":"Dent\u00e1ln\u00ed hygiena za\u010d\u00edn\u00e1 u d\u011bt\u00ed","url":"https:\/\/www.zebras.cz\/dentalni-hygiena-zacina-u-deti\/","datePublished":"2025-02-11","dateModified":"2025-02-11","mainEntityOfPage":"https:\/\/www.zebras.cz\/dentalni-hygiena-zacina-u-deti\/","author":{"@type":"Person","@id":"https:\/\/www.zebras.cz\/author\/#Person","name":"","url":"https:\/\/www.zebras.cz\/author\/","identifier":1,"image":{"@type":"ImageObject","@id":"https:\/\/secure.gravatar.com\/avatar\/9bd672608a9ea50cfcb35956b7f63dacf48dece49eb907e6bdd72bedd9991f24?s=96&d=mm&r=g","url":"https:\/\/secure.gravatar.com\/avatar\/9bd672608a9ea50cfcb35956b7f63dacf48dece49eb907e6bdd72bedd9991f24?s=96&d=mm&r=g","height":96,"width":96}},"publisher":{"@type":"Organization","name":"zebras.cz","logo":{"@type":"ImageObject","@id":"\/logo.png","url":"\/logo.png","width":600,"height":60}},"image":{"@type":"ImageObject","@id":"https:\/\/www.zebras.cz\/wp-content\/uploads\/dentist-1437430_640_10_5.jpg","url":"https:\/\/www.zebras.cz\/wp-content\/uploads\/dentist-1437430_640_10_5.jpg","height":0,"width":0},"keywords":null},{"@type":"Article","@id":"https:\/\/www.zebras.cz\/je-vas-sexualni-zivot-stereotypem-napravte-to\/","headline":"Je v\u00e1\u0161 sexu\u00e1ln\u00ed \u017eivot stereotypem? Napravte to!","url":"https:\/\/www.zebras.cz\/je-vas-sexualni-zivot-stereotypem-napravte-to\/","datePublished":"2025-01-13","dateModified":"2025-01-13","mainEntityOfPage":"https:\/\/www.zebras.cz\/je-vas-sexualni-zivot-stereotypem-napravte-to\/","author":{"@type":"Person","@id":"https:\/\/www.zebras.cz\/author\/#Person","name":"","url":"https:\/\/www.zebras.cz\/author\/","identifier":1,"image":{"@type":"ImageObject","@id":"https:\/\/secure.gravatar.com\/avatar\/9bd672608a9ea50cfcb35956b7f63dacf48dece49eb907e6bdd72bedd9991f24?s=96&d=mm&r=g","url":"https:\/\/secure.gravatar.com\/avatar\/9bd672608a9ea50cfcb35956b7f63dacf48dece49eb907e6bdd72bedd9991f24?s=96&d=mm&r=g","height":96,"width":96}},"publisher":{"@type":"Organization","name":"zebras.cz","logo":{"@type":"ImageObject","@id":"\/logo.png","url":"\/logo.png","width":600,"height":60}},"image":{"@type":"ImageObject","@id":"https:\/\/www.zebras.cz\/wp-content\/uploads\/brian-lawson-9hObYo6Zul8-unsplash_1.jpg","url":"https:\/\/www.zebras.cz\/wp-content\/uploads\/brian-lawson-9hObYo6Zul8-unsplash_1.jpg","height":0,"width":0},"keywords":null},{"@type":"Article","@id":"https:\/\/www.zebras.cz\/kde-sehnat-auto\/","headline":"Kde sehnat auto?","url":"https:\/\/www.zebras.cz\/kde-sehnat-auto\/","datePublished":"2024-10-21","dateModified":"2024-10-21","mainEntityOfPage":"https:\/\/www.zebras.cz\/kde-sehnat-auto\/","author":{"@type":"Person","@id":"https:\/\/www.zebras.cz\/author\/#Person","name":"","url":"https:\/\/www.zebras.cz\/author\/","identifier":1,"image":{"@type":"ImageObject","@id":"https:\/\/secure.gravatar.com\/avatar\/9bd672608a9ea50cfcb35956b7f63dacf48dece49eb907e6bdd72bedd9991f24?s=96&d=mm&r=g","url":"https:\/\/secure.gravatar.com\/avatar\/9bd672608a9ea50cfcb35956b7f63dacf48dece49eb907e6bdd72bedd9991f24?s=96&d=mm&r=g","height":96,"width":96}},"publisher":{"@type":"Organization","name":"zebras.cz","logo":{"@type":"ImageObject","@id":"\/logo.png","url":"\/logo.png","width":600,"height":60}},"image":{"@type":"ImageObject","@id":"https:\/\/www.zebras.cz\/wp-content\/uploads\/aaaaa_10_6.jpg","url":"https:\/\/www.zebras.cz\/wp-content\/uploads\/aaaaa_10_6.jpg","height":0,"width":0},"keywords":null},{"@type":"Article","@id":"https:\/\/www.zebras.cz\/kam-se-odstehovat-pokud-mirite-do-zahranici\/","headline":"Kam se odst\u011bhovat, pokud m\u00ed\u0159\u00edte do zahrani\u010d\u00ed?","url":"https:\/\/www.zebras.cz\/kam-se-odstehovat-pokud-mirite-do-zahranici\/","datePublished":"2024-09-18","dateModified":"2024-09-18","mainEntityOfPage":"https:\/\/www.zebras.cz\/kam-se-odstehovat-pokud-mirite-do-zahranici\/","author":{"@type":"Person","@id":"https:\/\/www.zebras.cz\/author\/#Person","name":"","url":"https:\/\/www.zebras.cz\/author\/","identifier":1,"image":{"@type":"ImageObject","@id":"https:\/\/secure.gravatar.com\/avatar\/9bd672608a9ea50cfcb35956b7f63dacf48dece49eb907e6bdd72bedd9991f24?s=96&d=mm&r=g","url":"https:\/\/secure.gravatar.com\/avatar\/9bd672608a9ea50cfcb35956b7f63dacf48dece49eb907e6bdd72bedd9991f24?s=96&d=mm&r=g","height":96,"width":96}},"publisher":{"@type":"Organization","name":"zebras.cz","logo":{"@type":"ImageObject","@id":"\/logo.png","url":"\/logo.png","width":600,"height":60}},"image":{"@type":"ImageObject","@id":"https:\/\/www.zebras.cz\/wp-content\/uploads\/redd-f-gdQnsMbhkUs-unsplash.jpg","url":"https:\/\/www.zebras.cz\/wp-content\/uploads\/redd-f-gdQnsMbhkUs-unsplash.jpg","height":0,"width":0},"keywords":null},{"@type":"Article","@id":"https:\/\/www.zebras.cz\/auto-k-dispozici-nonstop\/","headline":"Auto k dispozici nonstop","url":"https:\/\/www.zebras.cz\/auto-k-dispozici-nonstop\/","datePublished":"2024-09-16","dateModified":"2024-09-16","mainEntityOfPage":"https:\/\/www.zebras.cz\/auto-k-dispozici-nonstop\/","author":{"@type":"Person","@id":"https:\/\/www.zebras.cz\/author\/#Person","name":"","url":"https:\/\/www.zebras.cz\/author\/","identifier":1,"image":{"@type":"ImageObject","@id":"https:\/\/secure.gravatar.com\/avatar\/9bd672608a9ea50cfcb35956b7f63dacf48dece49eb907e6bdd72bedd9991f24?s=96&d=mm&r=g","url":"https:\/\/secure.gravatar.com\/avatar\/9bd672608a9ea50cfcb35956b7f63dacf48dece49eb907e6bdd72bedd9991f24?s=96&d=mm&r=g","height":96,"width":96}},"publisher":{"@type":"Organization","name":"zebras.cz","logo":{"@type":"ImageObject","@id":"\/logo.png","url":"\/logo.png","width":600,"height":60}},"image":{"@type":"ImageObject","@id":"https:\/\/www.zebras.cz\/wp-content\/uploads\/car-1281640_640_6.jpg","url":"https:\/\/www.zebras.cz\/wp-content\/uploads\/car-1281640_640_6.jpg","height":0,"width":0},"keywords":null},{"@type":"Article","@id":"https:\/\/www.zebras.cz\/vikendy-i-dovolene\/","headline":"V\u00edkendy i dovolen\u00e9","url":"https:\/\/www.zebras.cz\/vikendy-i-dovolene\/","datePublished":"2024-09-15","dateModified":"2024-09-15","mainEntityOfPage":"https:\/\/www.zebras.cz\/vikendy-i-dovolene\/","author":{"@type":"Person","@id":"https:\/\/www.zebras.cz\/author\/#Person","name":"","url":"https:\/\/www.zebras.cz\/author\/","identifier":1,"image":{"@type":"ImageObject","@id":"https:\/\/secure.gravatar.com\/avatar\/9bd672608a9ea50cfcb35956b7f63dacf48dece49eb907e6bdd72bedd9991f24?s=96&d=mm&r=g","url":"https:\/\/secure.gravatar.com\/avatar\/9bd672608a9ea50cfcb35956b7f63dacf48dece49eb907e6bdd72bedd9991f24?s=96&d=mm&r=g","height":96,"width":96}},"publisher":{"@type":"Organization","name":"zebras.cz","logo":{"@type":"ImageObject","@id":"\/logo.png","url":"\/logo.png","width":600,"height":60}},"image":{"@type":"ImageObject","@id":"https:\/\/www.zebras.cz\/wp-content\/uploads\/mountains-7427623_640_3.jpg","url":"https:\/\/www.zebras.cz\/wp-content\/uploads\/mountains-7427623_640_3.jpg","height":0,"width":0},"keywords":null},{"@type":"Article","@id":"https:\/\/www.zebras.cz\/kdy-si-objednat-sluzbu-vyklizeni-bytu\/","headline":"Kdy si objednat slu\u017ebu vykl\u00edzen\u00ed byt\u016f","url":"https:\/\/www.zebras.cz\/kdy-si-objednat-sluzbu-vyklizeni-bytu\/","datePublished":"2024-08-23","dateModified":"2024-08-23","mainEntityOfPage":"https:\/\/www.zebras.cz\/kdy-si-objednat-sluzbu-vyklizeni-bytu\/","author":{"@type":"Person","@id":"https:\/\/www.zebras.cz\/author\/#Person","name":"","url":"https:\/\/www.zebras.cz\/author\/","identifier":1,"image":{"@type":"ImageObject","@id":"https:\/\/secure.gravatar.com\/avatar\/9bd672608a9ea50cfcb35956b7f63dacf48dece49eb907e6bdd72bedd9991f24?s=96&d=mm&r=g","url":"https:\/\/secure.gravatar.com\/avatar\/9bd672608a9ea50cfcb35956b7f63dacf48dece49eb907e6bdd72bedd9991f24?s=96&d=mm&r=g","height":96,"width":96}},"publisher":{"@type":"Organization","name":"zebras.cz","logo":{"@type":"ImageObject","@id":"\/logo.png","url":"\/logo.png","width":600,"height":60}},"image":{"@type":"ImageObject","@id":"https:\/\/www.zebras.cz\/wp-content\/uploads\/apartment-1835482_640_8.jpg","url":"https:\/\/www.zebras.cz\/wp-content\/uploads\/apartment-1835482_640_8.jpg","height":0,"width":0},"keywords":null},{"@type":"Article","@id":"https:\/\/www.zebras.cz\/z-bosonohe-svatby-rovnou-na-koncert-vazne-hudby\/","headline":"Z bosonoh\u00e9 svatby rovnou na koncert v\u00e1\u017en\u00e9 hudby","url":"https:\/\/www.zebras.cz\/z-bosonohe-svatby-rovnou-na-koncert-vazne-hudby\/","datePublished":"2024-08-20","dateModified":"2024-08-20","mainEntityOfPage":"https:\/\/www.zebras.cz\/z-bosonohe-svatby-rovnou-na-koncert-vazne-hudby\/","author":{"@type":"Person","@id":"https:\/\/www.zebras.cz\/author\/#Person","name":"","url":"https:\/\/www.zebras.cz\/author\/","identifier":1,"image":{"@type":"ImageObject","@id":"https:\/\/secure.gravatar.com\/avatar\/9bd672608a9ea50cfcb35956b7f63dacf48dece49eb907e6bdd72bedd9991f24?s=96&d=mm&r=g","url":"https:\/\/secure.gravatar.com\/avatar\/9bd672608a9ea50cfcb35956b7f63dacf48dece49eb907e6bdd72bedd9991f24?s=96&d=mm&r=g","height":96,"width":96}},"publisher":{"@type":"Organization","name":"zebras.cz","logo":{"@type":"ImageObject","@id":"\/logo.png","url":"\/logo.png","width":600,"height":60}},"image":{"@type":"ImageObject","@id":"https:\/\/www.zebras.cz\/wp-content\/uploads\/violin-8405558_640_2.jpg","url":"https:\/\/www.zebras.cz\/wp-content\/uploads\/violin-8405558_640_2.jpg","height":0,"width":0},"keywords":null},{"@type":"Article","@id":"https:\/\/www.zebras.cz\/stehujeme-tezka-bremena\/","headline":"St\u011bhujeme t\u011b\u017ek\u00e1 b\u0159emena","url":"https:\/\/www.zebras.cz\/stehujeme-tezka-bremena\/","datePublished":"2024-08-18","dateModified":"2024-08-18","mainEntityOfPage":"https:\/\/www.zebras.cz\/stehujeme-tezka-bremena\/","author":{"@type":"Person","@id":"https:\/\/www.zebras.cz\/author\/#Person","name":"","url":"https:\/\/www.zebras.cz\/author\/","identifier":1,"image":{"@type":"ImageObject","@id":"https:\/\/secure.gravatar.com\/avatar\/9bd672608a9ea50cfcb35956b7f63dacf48dece49eb907e6bdd72bedd9991f24?s=96&d=mm&r=g","url":"https:\/\/secure.gravatar.com\/avatar\/9bd672608a9ea50cfcb35956b7f63dacf48dece49eb907e6bdd72bedd9991f24?s=96&d=mm&r=g","height":96,"width":96}},"publisher":{"@type":"Organization","name":"zebras.cz","logo":{"@type":"ImageObject","@id":"\/logo.png","url":"\/logo.png","width":600,"height":60}},"image":{"@type":"ImageObject","@id":"https:\/\/www.zebras.cz\/wp-content\/uploads\/washing-machine-2668472_640_2.jpg","url":"https:\/\/www.zebras.cz\/wp-content\/uploads\/washing-machine-2668472_640_2.jpg","height":0,"width":0},"keywords":null}]}