[{"@context":"https:\/\/schema.org\/","@type":"Article","@id":"https:\/\/www.zebras.cz\/bydleni-v-byte\/#Article","mainEntityOfPage":"https:\/\/www.zebras.cz\/bydleni-v-byte\/","headline":"Bydlen\u00ed v byt\u011b","name":"Bydlen\u00ed v byt\u011b","description":"Kdo by necht\u011bl m\u00edt opravdu kr\u00e1sn\u00fd byt anebo d\u016fm? J\u00e1 jsem v\u017edycky snila o tom, \u017ee budu m\u00edt to, co jsem si v\u017edycky p\u0159\u00e1la. M\u011bla jsem vysn\u011bn\u00fd sv\u016fj byt. Cht\u011bla jsem, aby to bylo hlavn\u011b ve vysok\u00e9m pat\u0159e. J\u00e1 jsem toti\u017e v\u017edycky trp\u011bla takovou utkv\u011blou p\u0159edstavou, \u017ee kdy\u017e budu bydlet n\u011bkde v p\u0159\u00edzem\u00ed, n\u011bkde \u00fapln\u011b [&hellip;]","datePublished":"2023-06-22","dateModified":"2024-05-24","author":{"@type":"Person","@id":"https:\/\/www.zebras.cz\/author\/#Person","name":"","url":"https:\/\/www.zebras.cz\/author\/","identifier":1,"image":{"@type":"ImageObject","@id":"https:\/\/secure.gravatar.com\/avatar\/9bd672608a9ea50cfcb35956b7f63dacf48dece49eb907e6bdd72bedd9991f24?s=96&d=mm&r=g","url":"https:\/\/secure.gravatar.com\/avatar\/9bd672608a9ea50cfcb35956b7f63dacf48dece49eb907e6bdd72bedd9991f24?s=96&d=mm&r=g","height":96,"width":96}},"publisher":{"@type":"Organization","name":"zebras.cz","logo":{"@type":"ImageObject","@id":"\/logo.png","url":"\/logo.png","width":600,"height":60}},"image":{"@type":"ImageObject","@id":"https:\/\/www.zebras.cz\/wp-content\/uploads\/samana-1128268_960_720.jpg","url":"https:\/\/www.zebras.cz\/wp-content\/uploads\/samana-1128268_960_720.jpg","height":0,"width":0},"url":"https:\/\/www.zebras.cz\/bydleni-v-byte\/","about":["D\u016fm a byt"],"wordCount":429,"articleBody":"Kdo by necht\u011bl m\u00edt opravdu kr\u00e1sn\u00fd byt anebo d\u016fm? J\u00e1 jsem v\u017edycky snila o tom, \u017ee budu m\u00edt to, co jsem si v\u017edycky p\u0159\u00e1la. M\u011bla jsem vysn\u011bn\u00fd sv\u016fj byt. Cht\u011bla jsem, aby to bylo hlavn\u011b ve vysok\u00e9m pat\u0159e. J\u00e1 jsem toti\u017e v\u017edycky trp\u011bla takovou utkv\u011blou p\u0159edstavou, \u017ee kdy\u017e budu bydlet n\u011bkde v p\u0159\u00edzem\u00ed, n\u011bkde \u00fapln\u011b dole anebo v prvn\u00edm pat\u0159e, \u017ee m\u011b n\u011bkdo rychle vykrade. Nebo \u017ee mi ve\u010der n\u011bkdo vleze do lo\u017enice a n\u011bco mi ukradne. Toho jsem se v\u017edycky b\u00e1la. Moji rodi\u010de a tak\u00e9 m\u016fj\u00a0partner mi \u0159\u00edkali, \u017ee a\u0165 nebl\u00e1zn\u00edm, \u017ee se to vlastn\u011b jednozna\u010dn\u011b nikdy nestane. Jenom\u017ee \u010dlov\u011bk nikdy nev\u00ed a \u0159\u00edk\u00e1 si,\u00a0nikdy ne\u0159\u00edkej nikdy. A pro\u010d jsem z tohohle b\u00e1la, \u017ee m\u011b n\u011bkdo vykrade? Proto\u017ee moj\u00ed kamar\u00e1dce se to u\u017e stalo a ne jednou, ale dokonce dvakr\u00e1t. Ano, moji kamar\u00e1dku u\u017e dvakr\u00e1t vykradli, sice to byla jenom chata, ale od t\u00e9 doby, kdy\u017e mi moje kamar\u00e1dka \u0159ekla, co v\u0161echno j\u00ed ukradli a jak\u00e9 ona z toho m\u011bla dilema a strach, tak jsem si \u0159ekla, \u017ee to je opravdu hrozn\u00fd pocit, \u017ee bych rozhodn\u011b necht\u011bla bydlet n\u011bkde \u00fapln\u011b v p\u0159\u00edzem\u00ed anebo v prvn\u00edm pat\u0159e. Dokonce jsem se tak\u00e9 dozv\u011bd\u011bla, \u017ee lid\u00e9, kte\u0159\u00ed t\u0159eba v p\u0159\u00edzem\u00ed anebo v prvn\u00edm pat\u0159e su\u0161\u00ed pr\u00e1dlo, tak kolikr\u00e1t n\u011bjak\u00e9 kr\u00e1sn\u00e9 kousky oble\u010den\u00ed jim zmiz\u00ed. Ne, \u017ee by ul\u00edtly n\u011bkde vzduchem anebo \u017ee by je odnesl v\u00edtr, ale\u00a0\u017ee jim je jednozna\u010dn\u011b n\u011bkdo ukradne. Potom tak\u00e9, kdy\u017e jsem je\u0161t\u011b bydlela v mal\u00e9m byt\u011b, tak jsem nikdy pr\u00e1v\u011b ned\u00e1vala su\u0161it pr\u00e1dlo ven na zahradu, kde byl spole\u010dn\u00fd su\u0161\u00e1k. Maxim\u00e1ln\u011b jenom v ten okam\u017eik,\u00a0kdy\u017e jsem tam sed\u011bla t\u0159eba na zahr\u00e1dce. To bylo jedin\u00e9, kdy jsem su\u0161ila tak\u00e9 pr\u00e1dlo venku, ale \u017ee bych dala pr\u00e1dlo ven takhle n\u011bkam, kde bych na to nevid\u011bla? Tak to rozhodn\u011b ne. M\u00e1m hodn\u011b kvalitn\u00edch oble\u010den\u00ed a tak\u00e9 n\u011bkter\u00e9 drah\u00e9 kousky a rozhodn\u011b bych necht\u011bla, aby mi n\u011bkter\u00e9 drah\u00e9 oble\u010den\u00ed n\u011bkdo ukradl z pr\u00e1deln\u00ed \u0161\u0148\u016fry. I tohle se st\u00e1v\u00e1. Bohu\u017eel, lid\u00e9 u\u017e jednodu\u0161e nev\u00ed, co by kde ukradli.                                                                                                                                                                                                                                                                                                                                                                                                "},{"@context":"https:\/\/schema.org\/","@type":"BreadcrumbList","itemListElement":[{"@type":"ListItem","position":1,"name":"Bydlen\u00ed v byt\u011b","item":"https:\/\/www.zebras.cz\/bydleni-v-byte\/#breadcrumbitem"}]}]